{"id":68432,"date":"2015-04-23T22:33:37","date_gmt":"2015-04-23T22:33:37","guid":{"rendered":"https:\/\/henrik.www.ivinio.com\/?p=68432"},"modified":"2020-07-09T16:24:43","modified_gmt":"2020-07-09T16:24:43","slug":"haute-saison-de-lasperge-oui-mais-avec-quel-vin-les-accompagner-","status":"publish","type":"post","link":"https:\/\/www.ivinio.com\/fr\/haute-saison-de-lasperge-oui-mais-avec-quel-vin-les-accompagner-\/","title":{"rendered":"Haute saison de l&#8217;asperge, oui ! &#8211; mais avec quel vin les accompagner ?"},"content":{"rendered":"<p>L&#39;asperge est un l&eacute;gume fantastique qui peut se cuisiner de diff&eacute;rents mani&egrave;res.&nbsp;Le seul point n&eacute;gatif ? c&#39;est&nbsp;juste pour la saison des asperges fra&icirc;ches est courte ! trop courte comme pour tous les l&eacute;gumes primeurs ! Alors profitons de ce d&eacute;but de saison&#8230;<\/p>\n<p>Servir un&nbsp;vin pour accompagner des asperges n&#39;est pas facile. Il existe diff&eacute;rentes vari&eacute;t&eacute;s d&#39;asperges, mais l&#39;on divise&nbsp;souvent les asperges en deux vari&eacute;t&eacute;s; les blanches cultiv&eacute;es sous terre et les color&eacute;es&nbsp;&#8211; habituellement vertes ou violettes &#8211; qui poussent au&nbsp;dessus de la terre. Les&nbsp;asperges blanches sont peu charnues, ont&nbsp;un go&ucirc;t l&eacute;g&egrave;rement amer qui peut &eacute;galement &ecirc;tre d&eacute;crit comme l&eacute;g&egrave;rement m&eacute;tallique. Sans entrer dans le d&eacute;tail de toutes les diff&eacute;rentes recettes possibles, il faut mentionner&nbsp;que les asperges se font simplement cuire&nbsp;&#8211; de pr&eacute;f&eacute;rence dans l&#39;autocuiseur et &agrave; la vapeur car cela permet de&nbsp;conserver les &eacute;l&eacute;ments nutritifs et le go&ucirc;t et les conserven&nbsp;belles &#8211; on peut les servir&nbsp;avec une sauce au beurre fondu ou hollandaise&nbsp;et fera un ap&eacute;ritif fantastique avec un morceau de pain et un verre du vin !<\/p>\n<p>Quel vin pouvez-vous boire avec des asperges ? Le vin rouge n&#39;est pas recommand&eacute;. L&#39;amertume de l&#39;asperge&nbsp;accentue les tanins du vin rouge&nbsp;et donne malheureusement un go&ucirc;t d&eacute;s&eacute;quilibr&eacute; en&nbsp;bouche. Si vous&nbsp;insistez vraiment pour un vin rouge, je recommande alors un pinot noir un peu frais. Mais notre recommandation nous am&egrave;nera toujours vers un vin blanc sans &eacute;levage en f&ucirc;t de ch&ecirc;ne ou pour changer&nbsp;un vin ros&eacute; de caract&egrave;re.<\/p>\n<p>C&#39;est justement un vin de caract&egrave;re qu&#39;il faut pour faire front face &agrave; des asperges dont le go&ucirc;t particulier est difficile &agrave; combiner. &#8211;<\/p>\n<p>C&#39;est justement le carct&egrave;re qui est important pour combiner un vin avec la particularit&eacute; du go&ucirc;t de l&#39;asperge !&nbsp;Les vins blancs que je recommande ont soit de bons acides, un&nbsp;bon&nbsp;fruit&eacute;&nbsp;et \/ ou une belle min&eacute;ralit&eacute;.<\/p>\n<p>Pour les asperges blanches, je vous recommande un vin blanc frais aux acides pr&eacute;sents avec&nbsp;une belle min&eacute;ralit&eacute;. Nous trouvons ces sp&eacute;cificit&eacute;s dans la Loire ou en&nbsp;Alsace.&nbsp;Nous trouvons ce que nous recherchons dans le&nbsp;Sancerre blanc de <a href=\"http:\/\/www.ivinio.com\/fr\/s\/search?q=godon\">J&eacute;r&ocirc;me Godon<\/a>. Il&nbsp;est un excellent choix. Un <a href=\"http:\/\/www.ivinio.com\/fr\/s\/vins-francais\/alsace\/domaine-meyer-fonne-pinot-blanc-vieilles-vignes-blanc\/\">Pinot Blanc<\/a> ou <a href=\"http:\/\/www.ivinio.com\/fr\/s\/vins-francais\/alsace\/domaine-meyer-fonne-riesling-reserve-2012-blanc\/\">Riesling du domaine Meyer-Fonn&eacute; <\/a>en Alsace est &eacute;galement tr&egrave;s appropri&eacute;. Pour les amateurs de vins de&nbsp;Bourgogne, nous vous proposons&nbsp;<a href=\"http:\/\/www.ivinio.com\/fr\/s\/vins-francais\/bourgogne\/chateau-de-belleverne-bourgogne-blanc-blanc\/\">Ch&acirc;teau Bellevernes &laquo;Bourgogne&raquo;<\/a> dont les&nbsp;acides et le c&ocirc;t&eacute; floral serait parfait aussi. En Italie, nous trouvons de nombreux vins blancs int&eacute;ressants dans le nord du Frioul et le <a href=\"http:\/\/www.ivinio.com\/fr\/s\/vins-italiens\/veneto-friuli\/forchir-sauvignon-soresere-2013-blanc\/\">Sauvignon de Forchir<\/a>&nbsp;est un excellent choix avec son caract&egrave;re sec, mais aussi des notes aromatiques de fruits exotiques.<\/p>\n<p>Les asperges de couleur ont&nbsp;un caract&egrave;re fort et plus&nbsp;de saveur que les blanches, et encore plus&nbsp;particuli&egrave;rement&nbsp;les&nbsp;asperges sauvages. Si vous choisissez un vin blanc, il doit &ecirc;tre plus&nbsp;fruit&eacute;&nbsp;avec une pr&eacute;sence moins forte&nbsp;d&#39;acides. Il faut donc plut&ocirc;t des vins&nbsp;du sud. Le c&eacute;page Viognier&nbsp;est excellent et la&nbsp;Rousanne et le Marsanne&nbsp;de la Vall&eacute;e du Rh&ocirc;ne &nbsp;sont tr&egrave;s bien aussi la&nbsp;vinification leur donne rondeur avec&nbsp;de la fra&icirc;cheur&nbsp;sans &eacute;levage en f&ucirc;t de ch&ecirc;ne. <a href=\"http:\/\/www.ivinio.com\/fr\/s\/vins-francais\/provence\/domaine-triennes-sainte-fleur-2012-blanc\/\">Ch&acirc;teau de Triennes Sainte Fleur<\/a> de Provence ou le <a href=\"http:\/\/www.ivinio.com\/fr\/s\/search?q=blanc+de+garance\">Blanc de Garance<\/a> du <a href=\"http:\/\/www.ivinio.com\/fr\/s\/search?q=rouge+garance\">Domaine Rouge Garance<\/a> de&nbsp;la Vall&eacute;e du Rh&ocirc;ne sont pour nous une &eacute;vidence.&nbsp;Mais le merveilleux&nbsp;<a href=\"http:\/\/www.ivinio.com\/fr\/s\/vins-francais\/languedoc\/mas-de-tannes-reserve-blanc-blanc\/\">Grenache Blanc du Mas de Tannes<\/a> en Languedoc est aussi un bon choix. Pour ceux&nbsp;qui veulent pimenter leur choix, vous pouvez s&eacute;lectionner un <a href=\"http:\/\/www.ivinio.com\/fr\/s\/vins-francais\/cotes-du-rhone\/cave-saint-desirat-condrieu-tradition-2013-blanc\/\">Condrieu de Caves Saint D&eacute;sirat<\/a> ou celui de&nbsp;<a href=\"http:\/\/www.ivinio.com\/fr\/s\/vins-francais\/cotes-du-rhone\/domaine-vidal-fleury-condrieu-blanc-1\/\">Vidal Fleury<\/a>. Pour ceux qui veulent essayer quelque chose de nouveau et d&#39;un peu plus exotique, nous recommandons un vin ros&eacute; fruit&eacute; de caract&egrave;re tels que la cuv&eacute;e <a href=\"http:\/\/www.ivinio.com\/fr\/s\/vins-francais\/provence\/chateau-thuerry-le-chateau-rose-1\/\">&quot;ch&acirc;teau&quot;&nbsp;du&nbsp;Ch&acirc;teau Thuerry<\/a> ou <a href=\"http:\/\/www.ivinio.com\/fr\/s\/vins-francais\/provence\/domaine-de-la-giscle-moulin-de-lisle-rose-rose\/\">&quot;Moulin de l&#39;Isle&quot; du Domaine de la Giscle<\/a>.<\/p>\n<p>Alors &agrave; vos fourneaux pour cuisiner vos asperges et choisissez bien votre vin !<\/p>\n<p>Vous pouvez retrouver sur notre blog une de nos&nbsp;recettes sur les asperges; <a href=\"http:\/\/www.ivinio.com\/fr\/blog\/2015\/04\/asperges-au-saumon-fume-sur-son-emulsion-cremeuse-a-laneth\/\">asperges au saumon fum&eacute; <\/a>!<\/p>\n<p>Bon app&eacute;tit !<\/p>\n","protected":false},"excerpt":{"rendered":"<p>L&#39;asperge est un l&eacute;gume primeur de Printemps, il est LE N&deg;1 , mais comment l&#39;accomoder ?!<\/p>\n","protected":false},"author":1746,"featured_media":68435,"comment_status":"open","ping_status":"closed","sticky":false,"template":"","format":"standard","meta":{"_monsterinsights_skip_tracking":false,"_monsterinsights_sitenote_active":false,"_monsterinsights_sitenote_note":"","_monsterinsights_sitenote_category":0,"_uf_show_specific_survey":0,"_uf_disable_surveys":false,"_jetpack_memberships_contains_paid_content":false,"footnotes":""},"categories":[7750],"tags":[],"class_list":["post-68432","post","type-post","status-publish","format-standard","has-post-thumbnail","hentry","category-le-choix-du-sommelier"],"yoast_head":"<!-- This site is optimized with the Yoast SEO plugin v27.4 - https:\/\/yoast.com\/product\/yoast-seo-wordpress\/ -->\n<title>Haute saison de l&#039;asperge, oui ! - mais avec quel vin les accompagner ? - IVINIO Caviste<\/title>\n<meta name=\"robots\" content=\"index, follow, max-snippet:-1, max-image-preview:large, max-video-preview:-1\" \/>\n<link rel=\"canonical\" href=\"https:\/\/www.ivinio.com\/fr\/haute-saison-de-lasperge-oui-mais-avec-quel-vin-les-accompagner-\/\" \/>\n<meta property=\"og:locale\" content=\"fr_FR\" \/>\n<meta property=\"og:type\" content=\"article\" \/>\n<meta property=\"og:title\" content=\"Haute saison de l&#039;asperge, oui ! - mais avec quel vin les accompagner ? - IVINIO Caviste\" \/>\n<meta property=\"og:description\" content=\"L&#039;asperge est un l&eacute;gume primeur de Printemps, il est LE N&deg;1 , mais comment l&#039;accomoder ?!\" \/>\n<meta property=\"og:url\" content=\"https:\/\/www.ivinio.com\/fr\/haute-saison-de-lasperge-oui-mais-avec-quel-vin-les-accompagner-\/\" \/>\n<meta property=\"og:site_name\" content=\"IVINIO Caviste\" \/>\n<meta property=\"article:publisher\" content=\"https:\/\/www.facebook.com\/groups\/165217837022391\/?ref=bookmarks\" \/>\n<meta property=\"article:published_time\" content=\"2015-04-23T22:33:37+00:00\" \/>\n<meta property=\"article:modified_time\" content=\"2020-07-09T16:24:43+00:00\" \/>\n<meta property=\"og:image\" content=\"https:\/\/www.ivinio.com\/wp-content\/uploads\/nc\/public\/modules\/file\/pictures\/5687.sparris-vin.jpg\" \/>\n\t<meta property=\"og:image:width\" content=\"750\" \/>\n\t<meta property=\"og:image:height\" content=\"450\" \/>\n\t<meta property=\"og:image:type\" content=\"image\/jpeg\" \/>\n<meta name=\"author\" content=\"Henrik Tauson\" \/>\n<meta name=\"twitter:card\" content=\"summary_large_image\" \/>\n<meta name=\"twitter:label1\" content=\"\u00c9crit par\" \/>\n\t<meta name=\"twitter:data1\" content=\"Henrik Tauson\" \/>\n\t<meta name=\"twitter:label2\" content=\"Dur\u00e9e de lecture estim\u00e9e\" \/>\n\t<meta name=\"twitter:data2\" content=\"4 minutes\" \/>\n<script type=\"application\/ld+json\" class=\"yoast-schema-graph\">{\"@context\":\"https:\\\/\\\/schema.org\",\"@graph\":[{\"@type\":\"Article\",\"@id\":\"https:\\\/\\\/www.ivinio.com\\\/fr\\\/haute-saison-de-lasperge-oui-mais-avec-quel-vin-les-accompagner-\\\/#article\",\"isPartOf\":{\"@id\":\"https:\\\/\\\/www.ivinio.com\\\/fr\\\/haute-saison-de-lasperge-oui-mais-avec-quel-vin-les-accompagner-\\\/\"},\"author\":{\"name\":\"Henrik Tauson\",\"@id\":\"https:\\\/\\\/www.ivinio.com\\\/fr\\\/#\\\/schema\\\/person\\\/f05fea0cf55e84b641f79f7589f5333d\"},\"headline\":\"Haute saison de l&#8217;asperge, oui ! &#8211; mais avec quel vin les accompagner ?\",\"datePublished\":\"2015-04-23T22:33:37+00:00\",\"dateModified\":\"2020-07-09T16:24:43+00:00\",\"mainEntityOfPage\":{\"@id\":\"https:\\\/\\\/www.ivinio.com\\\/fr\\\/haute-saison-de-lasperge-oui-mais-avec-quel-vin-les-accompagner-\\\/\"},\"wordCount\":901,\"commentCount\":0,\"publisher\":{\"@id\":\"https:\\\/\\\/www.ivinio.com\\\/fr\\\/#organization\"},\"image\":{\"@id\":\"https:\\\/\\\/www.ivinio.com\\\/fr\\\/haute-saison-de-lasperge-oui-mais-avec-quel-vin-les-accompagner-\\\/#primaryimage\"},\"thumbnailUrl\":\"https:\\\/\\\/www.ivinio.com\\\/wp-content\\\/uploads\\\/nc\\\/public\\\/modules\\\/file\\\/pictures\\\/5687.sparris-vin.jpg\",\"articleSection\":[\"Le choix du sommelier\"],\"inLanguage\":\"fr-FR\",\"potentialAction\":[{\"@type\":\"CommentAction\",\"name\":\"Comment\",\"target\":[\"https:\\\/\\\/www.ivinio.com\\\/fr\\\/haute-saison-de-lasperge-oui-mais-avec-quel-vin-les-accompagner-\\\/#respond\"]}]},{\"@type\":\"WebPage\",\"@id\":\"https:\\\/\\\/www.ivinio.com\\\/fr\\\/haute-saison-de-lasperge-oui-mais-avec-quel-vin-les-accompagner-\\\/\",\"url\":\"https:\\\/\\\/www.ivinio.com\\\/fr\\\/haute-saison-de-lasperge-oui-mais-avec-quel-vin-les-accompagner-\\\/\",\"name\":\"Haute saison de l'asperge, oui ! - mais avec quel vin les accompagner ? - IVINIO Caviste\",\"isPartOf\":{\"@id\":\"https:\\\/\\\/www.ivinio.com\\\/fr\\\/#website\"},\"primaryImageOfPage\":{\"@id\":\"https:\\\/\\\/www.ivinio.com\\\/fr\\\/haute-saison-de-lasperge-oui-mais-avec-quel-vin-les-accompagner-\\\/#primaryimage\"},\"image\":{\"@id\":\"https:\\\/\\\/www.ivinio.com\\\/fr\\\/haute-saison-de-lasperge-oui-mais-avec-quel-vin-les-accompagner-\\\/#primaryimage\"},\"thumbnailUrl\":\"https:\\\/\\\/www.ivinio.com\\\/wp-content\\\/uploads\\\/nc\\\/public\\\/modules\\\/file\\\/pictures\\\/5687.sparris-vin.jpg\",\"datePublished\":\"2015-04-23T22:33:37+00:00\",\"dateModified\":\"2020-07-09T16:24:43+00:00\",\"breadcrumb\":{\"@id\":\"https:\\\/\\\/www.ivinio.com\\\/fr\\\/haute-saison-de-lasperge-oui-mais-avec-quel-vin-les-accompagner-\\\/#breadcrumb\"},\"inLanguage\":\"fr-FR\",\"potentialAction\":[{\"@type\":\"ReadAction\",\"target\":[\"https:\\\/\\\/www.ivinio.com\\\/fr\\\/haute-saison-de-lasperge-oui-mais-avec-quel-vin-les-accompagner-\\\/\"]}]},{\"@type\":\"ImageObject\",\"inLanguage\":\"fr-FR\",\"@id\":\"https:\\\/\\\/www.ivinio.com\\\/fr\\\/haute-saison-de-lasperge-oui-mais-avec-quel-vin-les-accompagner-\\\/#primaryimage\",\"url\":\"https:\\\/\\\/www.ivinio.com\\\/wp-content\\\/uploads\\\/nc\\\/public\\\/modules\\\/file\\\/pictures\\\/5687.sparris-vin.jpg\",\"contentUrl\":\"https:\\\/\\\/www.ivinio.com\\\/wp-content\\\/uploads\\\/nc\\\/public\\\/modules\\\/file\\\/pictures\\\/5687.sparris-vin.jpg\",\"width\":750,\"height\":450},{\"@type\":\"BreadcrumbList\",\"@id\":\"https:\\\/\\\/www.ivinio.com\\\/fr\\\/haute-saison-de-lasperge-oui-mais-avec-quel-vin-les-accompagner-\\\/#breadcrumb\",\"itemListElement\":[{\"@type\":\"ListItem\",\"position\":1,\"name\":\"Home\",\"item\":\"https:\\\/\\\/www.ivinio.com\\\/fr\\\/\"},{\"@type\":\"ListItem\",\"position\":2,\"name\":\"Haute saison de l&#8217;asperge, oui ! &#8211; mais avec quel vin les accompagner ?\"}]},{\"@type\":\"WebSite\",\"@id\":\"https:\\\/\\\/www.ivinio.com\\\/fr\\\/#website\",\"url\":\"https:\\\/\\\/www.ivinio.com\\\/fr\\\/\",\"name\":\"IVINIO Caviste\",\"description\":\"Vins de France et d&#039;Italie avec livraison \u00e0 domicile\",\"publisher\":{\"@id\":\"https:\\\/\\\/www.ivinio.com\\\/fr\\\/#organization\"},\"potentialAction\":[{\"@type\":\"SearchAction\",\"target\":{\"@type\":\"EntryPoint\",\"urlTemplate\":\"https:\\\/\\\/www.ivinio.com\\\/fr\\\/?s={search_term_string}\"},\"query-input\":{\"@type\":\"PropertyValueSpecification\",\"valueRequired\":true,\"valueName\":\"search_term_string\"}}],\"inLanguage\":\"fr-FR\"},{\"@type\":\"Organization\",\"@id\":\"https:\\\/\\\/www.ivinio.com\\\/fr\\\/#organization\",\"name\":\"IVINIO\",\"url\":\"https:\\\/\\\/www.ivinio.com\\\/fr\\\/\",\"logo\":{\"@type\":\"ImageObject\",\"inLanguage\":\"fr-FR\",\"@id\":\"https:\\\/\\\/www.ivinio.com\\\/fr\\\/#\\\/schema\\\/logo\\\/image\\\/\",\"url\":\"https:\\\/\\\/www.ivinio.com\\\/wp-content\\\/uploads\\\/2021\\\/01\\\/Logo-Ivinio-v2.jpg\",\"contentUrl\":\"https:\\\/\\\/www.ivinio.com\\\/wp-content\\\/uploads\\\/2021\\\/01\\\/Logo-Ivinio-v2.jpg\",\"width\":1194,\"height\":1194,\"caption\":\"IVINIO\"},\"image\":{\"@id\":\"https:\\\/\\\/www.ivinio.com\\\/fr\\\/#\\\/schema\\\/logo\\\/image\\\/\"},\"sameAs\":[\"https:\\\/\\\/www.facebook.com\\\/groups\\\/165217837022391\\\/?ref=bookmarks\",\"https:\\\/\\\/www.instagram.com\\\/_ivinio_\\\/?hl=fr\"]},{\"@type\":\"Person\",\"@id\":\"https:\\\/\\\/www.ivinio.com\\\/fr\\\/#\\\/schema\\\/person\\\/f05fea0cf55e84b641f79f7589f5333d\",\"name\":\"Henrik Tauson\",\"image\":{\"@type\":\"ImageObject\",\"inLanguage\":\"fr-FR\",\"@id\":\"https:\\\/\\\/secure.gravatar.com\\\/avatar\\\/974df1bc4d1032fb3b206a29572092d7f84378c2fadbb8b4de67045b7522b512?s=96&d=mm&r=g\",\"url\":\"https:\\\/\\\/secure.gravatar.com\\\/avatar\\\/974df1bc4d1032fb3b206a29572092d7f84378c2fadbb8b4de67045b7522b512?s=96&d=mm&r=g\",\"contentUrl\":\"https:\\\/\\\/secure.gravatar.com\\\/avatar\\\/974df1bc4d1032fb3b206a29572092d7f84378c2fadbb8b4de67045b7522b512?s=96&d=mm&r=g\",\"caption\":\"Henrik Tauson\"},\"sameAs\":[\"https:\\\/\\\/www.ivinio.com\"]}]}<\/script>\n<!-- \/ Yoast SEO plugin. -->","yoast_head_json":{"title":"Haute saison de l'asperge, oui ! - mais avec quel vin les accompagner ? - IVINIO Caviste","robots":{"index":"index","follow":"follow","max-snippet":"max-snippet:-1","max-image-preview":"max-image-preview:large","max-video-preview":"max-video-preview:-1"},"canonical":"https:\/\/www.ivinio.com\/fr\/haute-saison-de-lasperge-oui-mais-avec-quel-vin-les-accompagner-\/","og_locale":"fr_FR","og_type":"article","og_title":"Haute saison de l'asperge, oui ! - mais avec quel vin les accompagner ? - IVINIO Caviste","og_description":"L&#39;asperge est un l&eacute;gume primeur de Printemps, il est LE N&deg;1 , mais comment l&#39;accomoder ?!","og_url":"https:\/\/www.ivinio.com\/fr\/haute-saison-de-lasperge-oui-mais-avec-quel-vin-les-accompagner-\/","og_site_name":"IVINIO Caviste","article_publisher":"https:\/\/www.facebook.com\/groups\/165217837022391\/?ref=bookmarks","article_published_time":"2015-04-23T22:33:37+00:00","article_modified_time":"2020-07-09T16:24:43+00:00","og_image":[{"width":750,"height":450,"url":"https:\/\/www.ivinio.com\/wp-content\/uploads\/nc\/public\/modules\/file\/pictures\/5687.sparris-vin.jpg","type":"image\/jpeg"}],"author":"Henrik Tauson","twitter_card":"summary_large_image","twitter_misc":{"\u00c9crit par":"Henrik Tauson","Dur\u00e9e de lecture estim\u00e9e":"4 minutes"},"schema":{"@context":"https:\/\/schema.org","@graph":[{"@type":"Article","@id":"https:\/\/www.ivinio.com\/fr\/haute-saison-de-lasperge-oui-mais-avec-quel-vin-les-accompagner-\/#article","isPartOf":{"@id":"https:\/\/www.ivinio.com\/fr\/haute-saison-de-lasperge-oui-mais-avec-quel-vin-les-accompagner-\/"},"author":{"name":"Henrik Tauson","@id":"https:\/\/www.ivinio.com\/fr\/#\/schema\/person\/f05fea0cf55e84b641f79f7589f5333d"},"headline":"Haute saison de l&#8217;asperge, oui ! &#8211; mais avec quel vin les accompagner ?","datePublished":"2015-04-23T22:33:37+00:00","dateModified":"2020-07-09T16:24:43+00:00","mainEntityOfPage":{"@id":"https:\/\/www.ivinio.com\/fr\/haute-saison-de-lasperge-oui-mais-avec-quel-vin-les-accompagner-\/"},"wordCount":901,"commentCount":0,"publisher":{"@id":"https:\/\/www.ivinio.com\/fr\/#organization"},"image":{"@id":"https:\/\/www.ivinio.com\/fr\/haute-saison-de-lasperge-oui-mais-avec-quel-vin-les-accompagner-\/#primaryimage"},"thumbnailUrl":"https:\/\/www.ivinio.com\/wp-content\/uploads\/nc\/public\/modules\/file\/pictures\/5687.sparris-vin.jpg","articleSection":["Le choix du sommelier"],"inLanguage":"fr-FR","potentialAction":[{"@type":"CommentAction","name":"Comment","target":["https:\/\/www.ivinio.com\/fr\/haute-saison-de-lasperge-oui-mais-avec-quel-vin-les-accompagner-\/#respond"]}]},{"@type":"WebPage","@id":"https:\/\/www.ivinio.com\/fr\/haute-saison-de-lasperge-oui-mais-avec-quel-vin-les-accompagner-\/","url":"https:\/\/www.ivinio.com\/fr\/haute-saison-de-lasperge-oui-mais-avec-quel-vin-les-accompagner-\/","name":"Haute saison de l'asperge, oui ! - mais avec quel vin les accompagner ? - IVINIO Caviste","isPartOf":{"@id":"https:\/\/www.ivinio.com\/fr\/#website"},"primaryImageOfPage":{"@id":"https:\/\/www.ivinio.com\/fr\/haute-saison-de-lasperge-oui-mais-avec-quel-vin-les-accompagner-\/#primaryimage"},"image":{"@id":"https:\/\/www.ivinio.com\/fr\/haute-saison-de-lasperge-oui-mais-avec-quel-vin-les-accompagner-\/#primaryimage"},"thumbnailUrl":"https:\/\/www.ivinio.com\/wp-content\/uploads\/nc\/public\/modules\/file\/pictures\/5687.sparris-vin.jpg","datePublished":"2015-04-23T22:33:37+00:00","dateModified":"2020-07-09T16:24:43+00:00","breadcrumb":{"@id":"https:\/\/www.ivinio.com\/fr\/haute-saison-de-lasperge-oui-mais-avec-quel-vin-les-accompagner-\/#breadcrumb"},"inLanguage":"fr-FR","potentialAction":[{"@type":"ReadAction","target":["https:\/\/www.ivinio.com\/fr\/haute-saison-de-lasperge-oui-mais-avec-quel-vin-les-accompagner-\/"]}]},{"@type":"ImageObject","inLanguage":"fr-FR","@id":"https:\/\/www.ivinio.com\/fr\/haute-saison-de-lasperge-oui-mais-avec-quel-vin-les-accompagner-\/#primaryimage","url":"https:\/\/www.ivinio.com\/wp-content\/uploads\/nc\/public\/modules\/file\/pictures\/5687.sparris-vin.jpg","contentUrl":"https:\/\/www.ivinio.com\/wp-content\/uploads\/nc\/public\/modules\/file\/pictures\/5687.sparris-vin.jpg","width":750,"height":450},{"@type":"BreadcrumbList","@id":"https:\/\/www.ivinio.com\/fr\/haute-saison-de-lasperge-oui-mais-avec-quel-vin-les-accompagner-\/#breadcrumb","itemListElement":[{"@type":"ListItem","position":1,"name":"Home","item":"https:\/\/www.ivinio.com\/fr\/"},{"@type":"ListItem","position":2,"name":"Haute saison de l&#8217;asperge, oui ! &#8211; mais avec quel vin les accompagner ?"}]},{"@type":"WebSite","@id":"https:\/\/www.ivinio.com\/fr\/#website","url":"https:\/\/www.ivinio.com\/fr\/","name":"IVINIO Caviste","description":"Vins de France et d&#039;Italie avec livraison \u00e0 domicile","publisher":{"@id":"https:\/\/www.ivinio.com\/fr\/#organization"},"potentialAction":[{"@type":"SearchAction","target":{"@type":"EntryPoint","urlTemplate":"https:\/\/www.ivinio.com\/fr\/?s={search_term_string}"},"query-input":{"@type":"PropertyValueSpecification","valueRequired":true,"valueName":"search_term_string"}}],"inLanguage":"fr-FR"},{"@type":"Organization","@id":"https:\/\/www.ivinio.com\/fr\/#organization","name":"IVINIO","url":"https:\/\/www.ivinio.com\/fr\/","logo":{"@type":"ImageObject","inLanguage":"fr-FR","@id":"https:\/\/www.ivinio.com\/fr\/#\/schema\/logo\/image\/","url":"https:\/\/www.ivinio.com\/wp-content\/uploads\/2021\/01\/Logo-Ivinio-v2.jpg","contentUrl":"https:\/\/www.ivinio.com\/wp-content\/uploads\/2021\/01\/Logo-Ivinio-v2.jpg","width":1194,"height":1194,"caption":"IVINIO"},"image":{"@id":"https:\/\/www.ivinio.com\/fr\/#\/schema\/logo\/image\/"},"sameAs":["https:\/\/www.facebook.com\/groups\/165217837022391\/?ref=bookmarks","https:\/\/www.instagram.com\/_ivinio_\/?hl=fr"]},{"@type":"Person","@id":"https:\/\/www.ivinio.com\/fr\/#\/schema\/person\/f05fea0cf55e84b641f79f7589f5333d","name":"Henrik Tauson","image":{"@type":"ImageObject","inLanguage":"fr-FR","@id":"https:\/\/secure.gravatar.com\/avatar\/974df1bc4d1032fb3b206a29572092d7f84378c2fadbb8b4de67045b7522b512?s=96&d=mm&r=g","url":"https:\/\/secure.gravatar.com\/avatar\/974df1bc4d1032fb3b206a29572092d7f84378c2fadbb8b4de67045b7522b512?s=96&d=mm&r=g","contentUrl":"https:\/\/secure.gravatar.com\/avatar\/974df1bc4d1032fb3b206a29572092d7f84378c2fadbb8b4de67045b7522b512?s=96&d=mm&r=g","caption":"Henrik Tauson"},"sameAs":["https:\/\/www.ivinio.com"]}]}},"jetpack_featured_media_url":"https:\/\/www.ivinio.com\/wp-content\/uploads\/nc\/public\/modules\/file\/pictures\/5687.sparris-vin.jpg","jetpack_shortlink":"https:\/\/wp.me\/pcK36q-hNK","jetpack_sharing_enabled":true,"_links":{"self":[{"href":"https:\/\/www.ivinio.com\/fr\/wp-json\/wp\/v2\/posts\/68432","targetHints":{"allow":["GET"]}}],"collection":[{"href":"https:\/\/www.ivinio.com\/fr\/wp-json\/wp\/v2\/posts"}],"about":[{"href":"https:\/\/www.ivinio.com\/fr\/wp-json\/wp\/v2\/types\/post"}],"author":[{"embeddable":true,"href":"https:\/\/www.ivinio.com\/fr\/wp-json\/wp\/v2\/users\/1746"}],"replies":[{"embeddable":true,"href":"https:\/\/www.ivinio.com\/fr\/wp-json\/wp\/v2\/comments?post=68432"}],"version-history":[{"count":0,"href":"https:\/\/www.ivinio.com\/fr\/wp-json\/wp\/v2\/posts\/68432\/revisions"}],"wp:featuredmedia":[{"embeddable":true,"href":"https:\/\/www.ivinio.com\/fr\/wp-json\/wp\/v2\/media\/68435"}],"wp:attachment":[{"href":"https:\/\/www.ivinio.com\/fr\/wp-json\/wp\/v2\/media?parent=68432"}],"wp:term":[{"taxonomy":"category","embeddable":true,"href":"https:\/\/www.ivinio.com\/fr\/wp-json\/wp\/v2\/categories?post=68432"},{"taxonomy":"post_tag","embeddable":true,"href":"https:\/\/www.ivinio.com\/fr\/wp-json\/wp\/v2\/tags?post=68432"}],"curies":[{"name":"wp","href":"https:\/\/api.w.org\/{rel}","templated":true}]}}